{"id":239,"date":"2023-04-20T21:38:02","date_gmt":"2023-04-20T19:38:02","guid":{"rendered":"https:\/\/www.la12-14.com\/course\/?p=239"},"modified":"2023-04-27T22:23:10","modified_gmt":"2023-04-27T20:23:10","slug":"autres-editions","status":"publish","type":"post","link":"https:\/\/www.la12-14.com\/course\/autres-editions\/","title":{"rendered":"Autres \u00e9ditions"},"content":{"rendered":"\n<h4 class=\"wp-block-heading\">\u00c9dition 2018<\/h4>\n\n\n\n<p><strong>471&nbsp;<\/strong>inscrits (102 individuels, 48 Relais \u00e0 2 et 91 Relais \u00e0 3) sur l&rsquo;\u00e9dition 2018 et <strong>300&nbsp;<\/strong>enfants sur la Piste aux Pitchouns.<\/p>\n\n\n\n<figure class=\"wp-block-image size-full is-resized\"><a href=\"https:\/\/www.breizhchrono.com\/detail-de-la-course\/semideniortla1214-21km-2018-11557\"><img loading=\"lazy\" decoding=\"async\" src=\"https:\/\/www.la12-14.com\/course\/wp-content\/uploads\/2023\/04\/BreizhchronoPantone.jpg\" alt=\"\" class=\"wp-image-218\" width=\"296\" height=\"128\" srcset=\"https:\/\/www.la12-14.com\/course\/wp-content\/uploads\/2023\/04\/BreizhchronoPantone.jpg 591w, https:\/\/www.la12-14.com\/course\/wp-content\/uploads\/2023\/04\/BreizhchronoPantone-300x129.jpg 300w\" sizes=\"auto, (max-width: 296px) 100vw, 296px\" \/><\/a><figcaption class=\"wp-element-caption\">Pour acc\u00e9der aux r\u00e9sultats, cliquez sur le logo <a href=\"https:\/\/www.breizhchrono.com\/detail-de-la-course\/semideniortla1214-21km-2018-11557\" target=\"_blank\" rel=\"noreferrer noopener\">BREIZHCHRONO<\/a><\/figcaption><\/figure>\n\n\n\n<p><a rel=\"noreferrer noopener\" href=\"https:\/\/photos.google.com\/share\/AF1QipOfa-9PVr8F5MFwl8M_YWvQR_5CYPhxSAjDZl4Bcjb8feTr97labxfK3lzISUEZDQ?key=MG5KQlFxemNkUURMcUZwQ0pYSEM4amdQZTZjMVNB\" target=\"_blank\">Album photos de Thierry TRETON<\/a><\/p>\n\n\n\n<h4 class=\"wp-block-heading\">\u00c9dition 2017<\/h4>\n\n\n\n<p><strong>415\u00a0<\/strong>inscrits (individuels, Relais \u00e0 2 et Relais \u00e0 3) sur l&rsquo;\u00e9dition 2018 et <strong>300\u00a0<\/strong>enfants sur la Piste aux Pitchouns.<\/p>\n\n\n\n<p><strong><a rel=\"noreferrer noopener\" href=\"http:\/\/www.ipitos.com\/index.php\/component\/content\/category\/556-la-12-14-2017.html?Itemid=437\" target=\"_blank\">IPITOS<\/a><\/strong><\/p>\n\n\n\n<p><a href=\"https:\/\/photos.google.com\/share\/AF1QipPnV7ZPDQVUyXuU6PBA0PjS8Kv8EwJnuUG-6spZ_n03rHjUQRVcIQmD9y6R_DSxPQ?key=b0hSOWJkR1J0amUtcmMyT1pLZHVwNzB0RjdTYnNB\" target=\"_blank\" rel=\"noreferrer noopener\">Photos de Th. Treton&nbsp;(La course)<\/a><\/p>\n\n\n\n<p><a href=\"https:\/\/photos.google.com\/share\/AF1QipOnE2pdUrplC-ykJD4RLEdxkf-WbHtCFBk5ft8NNu5CJFFdcOwvkebbu9MJ69dm9w?key=Nlg2VV9KaDdGMGNKSEpPaUpXTVZoRlMxRThtUEpn\">Photos de Th. Treton&nbsp;(Courses enfants)<\/a><\/p>\n\n\n\n<p><a href=\"https:\/\/photos.google.com\/share\/AF1QipOOv9l6KtYecMK7zP06GAe98DeAOkB9kV-8eNtl7tupSUqEY33u72KU3sQ2IxsWOg?key=ZmVaOU1mSEtHUkUxMVBnR1ZRcHM2dWpJTmJWY1JR\" target=\"_blank\" rel=\"noreferrer noopener\">Photos de D. BRIANCEAU et F. MOUSSET<\/a><\/p>\n\n\n\n<h4 class=\"wp-block-heading\">\u00c9dition 2016<\/h4>\n\n\n\n<p><strong>615 <\/strong>inscrits (individuels, Relais \u00e0 2 et Relais \u00e0 3) sur l&rsquo;\u00e9dition 2018 et <strong>300\u00a0<\/strong>enfants sur la Piste aux Pitchouns.<\/p>\n\n\n\n<p><strong><a rel=\"noreferrer noopener\" href=\"http:\/\/www.ipitos.com\/index.php\/component\/content\/category\/501-la-12-14.html?Itemid=437\" target=\"_blank\">IPITOS<\/a><\/strong><\/p>\n\n\n\n<p><a rel=\"noreferrer noopener\" href=\"https:\/\/goo.gl\/photos\/3M1ypewuvSDWMd8k7\" target=\"_blank\">Photos de Th. Treton<\/a>\u00a0 \u00a0 \u00a0 \u00a0 \u00a0 \u00a0 \u00a0 \u00a0<a rel=\"noreferrer noopener\" href=\"https:\/\/www.flickr.com\/gp\/134974308@N08\/n4Ao7Z\" target=\"_blank\">Photos de D. Gavard<\/a><\/p>\n\n\n\n<h4 class=\"wp-block-heading\">\u00c9dition 2015<\/h4>\n\n\n\n<p><strong>450 <\/strong>partants (137 individuels, 59 Relais \u00e0 2 et 65 Relais \u00e0 3) sur l&rsquo;\u00e9dition 2015 et <strong>300\u00a0<\/strong>enfants sur la Piste aux Pitchouns.<\/p>\n\n\n\n<p><\/p>\n","protected":false},"excerpt":{"rendered":"<p>\u00c9dition 2018 471&nbsp;inscrits (102 individuels, 48 Relais \u00e0 2 et 91 Relais \u00e0 3) sur l&rsquo;\u00e9dition 2018 et 300&nbsp;enfants sur la Piste aux Pitchouns. Album photos de Thierry TRETON \u00c9dition 2017 415\u00a0inscrits (individuels, Relais \u00e0 2 et Relais \u00e0 3) sur l&rsquo;\u00e9dition 2018 et 300\u00a0enfants sur la Piste aux Pitchouns. IPITOS Photos de Th. Treton&nbsp;(La [&hellip;]<\/p>\n","protected":false},"author":2,"featured_media":240,"comment_status":"open","ping_status":"open","sticky":false,"template":"","format":"standard","meta":{"footnotes":""},"categories":[11],"tags":[],"class_list":["post-239","post","type-post","status-publish","format-standard","has-post-thumbnail","hentry","category-resultats"],"_links":{"self":[{"href":"https:\/\/www.la12-14.com\/course\/wp-json\/wp\/v2\/posts\/239","targetHints":{"allow":["GET"]}}],"collection":[{"href":"https:\/\/www.la12-14.com\/course\/wp-json\/wp\/v2\/posts"}],"about":[{"href":"https:\/\/www.la12-14.com\/course\/wp-json\/wp\/v2\/types\/post"}],"author":[{"embeddable":true,"href":"https:\/\/www.la12-14.com\/course\/wp-json\/wp\/v2\/users\/2"}],"replies":[{"embeddable":true,"href":"https:\/\/www.la12-14.com\/course\/wp-json\/wp\/v2\/comments?post=239"}],"version-history":[{"count":5,"href":"https:\/\/www.la12-14.com\/course\/wp-json\/wp\/v2\/posts\/239\/revisions"}],"predecessor-version":[{"id":277,"href":"https:\/\/www.la12-14.com\/course\/wp-json\/wp\/v2\/posts\/239\/revisions\/277"}],"wp:featuredmedia":[{"embeddable":true,"href":"https:\/\/www.la12-14.com\/course\/wp-json\/wp\/v2\/media\/240"}],"wp:attachment":[{"href":"https:\/\/www.la12-14.com\/course\/wp-json\/wp\/v2\/media?parent=239"}],"wp:term":[{"taxonomy":"category","embeddable":true,"href":"https:\/\/www.la12-14.com\/course\/wp-json\/wp\/v2\/categories?post=239"},{"taxonomy":"post_tag","embeddable":true,"href":"https:\/\/www.la12-14.com\/course\/wp-json\/wp\/v2\/tags?post=239"}],"curies":[{"name":"wp","href":"https:\/\/api.w.org\/{rel}","templated":true}]}}